{"id":1475,"date":"2020-03-13T12:35:02","date_gmt":"2020-03-13T10:35:02","guid":{"rendered":"https:\/\/sibeliussinging.fi\/?p=1475"},"modified":"2020-03-13T14:29:56","modified_gmt":"2020-03-13T12:29:56","slug":"sibelius-singing-2020-competition-is-cancelled","status":"publish","type":"post","link":"https:\/\/sibeliussinging.fi\/en\/sibelius-singing-2020-competition-is-cancelled\/","title":{"rendered":"Sibelius Singing 2020 Competition is cancelled"},"content":{"rendered":"<div class=\"\" data-block=\"true\" data-editor=\"8gf81\" data-offset-key=\"9lu8-0-0\">\n<div class=\"_1mf _1mj\" data-offset-key=\"9lu8-0-0\"><span data-offset-key=\"9lu8-0-0\">Due to the COVID-19 situation (force majeure), the competition organisation has decided to cancel Sibelius Singing 2020 Competition. <\/span><\/div>\n<\/div>\n<div class=\"\" data-block=\"true\" data-editor=\"8gf81\" data-offset-key=\"2qcfu-0-0\">\n<div class=\"_1mf _1mj\" data-offset-key=\"2qcfu-0-0\"><span data-offset-key=\"2qcfu-0-0\">\u00a0<\/span><\/div>\n<\/div>\n<div class=\"\" data-block=\"true\" data-editor=\"8gf81\" data-offset-key=\"6v0si-0-0\">\n<div class=\"_1mf _1mj\" data-offset-key=\"6v0si-0-0\"><span data-offset-key=\"6v0si-0-0\">On Thursday March 12th the Finnish government stated that events with more than 500 attendants should be canceled. J\u00e4rvenp\u00e4\u00e4 Sibelius Sibelius Weeks follows the instructions given by the government and other authorities.\u00a0<\/span><span data-offset-key=\"cont8-0-0\">The competition organisation will look at the possibility to postpone the competition to a later time.\u00a0<\/span>We are very sorry about the situation!<\/div>\n<\/div>\n<div data-offset-key=\"6v0si-0-0\"><\/div>\n<div class=\"\" data-block=\"true\" data-editor=\"8gf81\" data-offset-key=\"6v0si-0-0\">\n<div class=\"_1mf _1mj\" data-offset-key=\"6v0si-0-0\">For further information please contact:<\/div>\n<\/div>\n<div data-offset-key=\"1itgo-0-0\">.<\/div>\n<div data-offset-key=\"1itgo-0-0\"><span style=\"font-weight: 400;\">Mia Kasper<\/span><span style=\"font-weight: 400;\"><br \/>\n<\/span><span style=\"font-weight: 400;\">Chair of\u00a0<\/span><span style=\"font-weight: 400;\">J\u00e4rvenp\u00e4\u00e4 Sibelius Weeks<\/span><span style=\"font-weight: 400;\"><br \/>\n<\/span><span style=\"font-weight: 400;\">+358 40\u00a0530 8522<\/span><span style=\"font-weight: 400;\"><br \/>\n<\/span><span style=\"font-weight: 400;\">kaspermia@gmail.com<\/span> <span style=\"font-weight: 400;\"><br \/>\n<\/span><span style=\"font-weight: 400;\"><br \/>\n<\/span><span style=\"font-weight: 400;\">Sami Ylisaari<\/span><span style=\"font-weight: 400;\"><br \/>\n<\/span><span style=\"font-weight: 400;\">Director of Culture<\/span><span style=\"font-weight: 400;\"><br \/>\n<\/span><span style=\"font-weight: 400;\">City of J\u00e4rvenp\u00e4\u00e4<\/span><\/div>\n<div data-offset-key=\"1itgo-0-0\"><span style=\"font-weight: 400;\">+358 40\u00a0315 2244<\/span><span style=\"font-weight: 400;\"><br \/>\n<\/span><span style=\"font-weight: 400;\">sami.ylisaari@jarvenpaa.fi<\/span><\/div>\n","protected":false},"excerpt":{"rendered":"<p>Due to the COVID-19 situation (force majeure), the competition organisation has decided to cancel Sibelius Singing 2020 Competition. \u00a0 On Thursday March 12th the Finnish government stated that events with more than 500 attendants should be canceled. J\u00e4rvenp\u00e4\u00e4 Sibelius Sibelius Weeks follows the instructions given by the government and other authorities.\u00a0The competition organisation will look [&hellip;]<\/p>\n","protected":false},"author":16,"featured_media":0,"comment_status":"closed","ping_status":"open","sticky":false,"template":"","format":"standard","meta":{"ocean_post_layout":"","ocean_both_sidebars_style":"","ocean_both_sidebars_content_width":0,"ocean_both_sidebars_sidebars_width":0,"ocean_sidebar":"","ocean_second_sidebar":"","ocean_disable_margins":"enable","ocean_add_body_class":"","ocean_shortcode_before_top_bar":"","ocean_shortcode_after_top_bar":"","ocean_shortcode_before_header":"","ocean_shortcode_after_header":"","ocean_has_shortcode":"","ocean_shortcode_after_title":"","ocean_shortcode_before_footer_widgets":"","ocean_shortcode_after_footer_widgets":"","ocean_shortcode_before_footer_bottom":"","ocean_shortcode_after_footer_bottom":"","ocean_display_top_bar":"default","ocean_display_header":"default","ocean_header_style":"","ocean_center_header_left_menu":"","ocean_custom_header_template":"","ocean_custom_logo":0,"ocean_custom_retina_logo":0,"ocean_custom_logo_max_width":0,"ocean_custom_logo_tablet_max_width":0,"ocean_custom_logo_mobile_max_width":0,"ocean_custom_logo_max_height":0,"ocean_custom_logo_tablet_max_height":0,"ocean_custom_logo_mobile_max_height":0,"ocean_header_custom_menu":"","ocean_menu_typo_font_family":"","ocean_menu_typo_font_subset":"","ocean_menu_typo_font_size":0,"ocean_menu_typo_font_size_tablet":0,"ocean_menu_typo_font_size_mobile":0,"ocean_menu_typo_font_size_unit":"px","ocean_menu_typo_font_weight":"","ocean_menu_typo_font_weight_tablet":"","ocean_menu_typo_font_weight_mobile":"","ocean_menu_typo_transform":"","ocean_menu_typo_transform_tablet":"","ocean_menu_typo_transform_mobile":"","ocean_menu_typo_line_height":0,"ocean_menu_typo_line_height_tablet":0,"ocean_menu_typo_line_height_mobile":0,"ocean_menu_typo_line_height_unit":"","ocean_menu_typo_spacing":0,"ocean_menu_typo_spacing_tablet":0,"ocean_menu_typo_spacing_mobile":0,"ocean_menu_typo_spacing_unit":"","ocean_menu_link_color":"","ocean_menu_link_color_hover":"","ocean_menu_link_color_active":"","ocean_menu_link_background":"","ocean_menu_link_hover_background":"","ocean_menu_link_active_background":"","ocean_menu_social_links_bg":"","ocean_menu_social_hover_links_bg":"","ocean_menu_social_links_color":"","ocean_menu_social_hover_links_color":"","ocean_disable_title":"default","ocean_disable_heading":"default","ocean_post_title":"","ocean_post_subheading":"","ocean_post_title_style":"","ocean_post_title_background_color":"","ocean_post_title_background":0,"ocean_post_title_bg_image_position":"","ocean_post_title_bg_image_attachment":"","ocean_post_title_bg_image_repeat":"","ocean_post_title_bg_image_size":"","ocean_post_title_height":0,"ocean_post_title_bg_overlay":0.5,"ocean_post_title_bg_overlay_color":"","ocean_disable_breadcrumbs":"default","ocean_breadcrumbs_color":"","ocean_breadcrumbs_separator_color":"","ocean_breadcrumbs_links_color":"","ocean_breadcrumbs_links_hover_color":"","ocean_display_footer_widgets":"default","ocean_display_footer_bottom":"default","ocean_custom_footer_template":"","osh_disable_topbar_sticky":"default","osh_disable_header_sticky":"default","osh_sticky_header_style":"default","osh_sticky_header_effect":"","osh_custom_sticky_logo":0,"osh_custom_retina_sticky_logo":0,"osh_custom_sticky_logo_height":0,"osh_background_color":"","osh_links_color":"","osh_links_hover_color":"","osh_links_active_color":"","osh_links_bg_color":"","osh_links_hover_bg_color":"","osh_links_active_bg_color":"","osh_menu_social_links_color":"","osh_menu_social_hover_links_color":"","ocean_post_oembed":"","ocean_post_self_hosted_media":"","ocean_post_video_embed":"","ocean_link_format":"","ocean_link_format_target":"self","ocean_quote_format":"","ocean_quote_format_link":"post","ocean_gallery_link_images":"off","ocean_gallery_id":[],"footnotes":""},"categories":[49],"tags":[],"class_list":["post-1475","post","type-post","status-publish","format-standard","hentry","category-uncategorized","entry"],"yoast_head":"<!-- This site is optimized with the Yoast SEO plugin v27.5 - https:\/\/yoast.com\/product\/yoast-seo-wordpress\/ -->\n<title>Sibelius Singing 2020 Competition is cancelled - Sibelius Singing Competition<\/title>\n<meta name=\"robots\" content=\"index, follow, max-snippet:-1, max-image-preview:large, max-video-preview:-1\" \/>\n<link rel=\"canonical\" href=\"https:\/\/sibeliussinging.fi\/en\/sibelius-singing-2020-competition-is-cancelled\/\" \/>\n<meta property=\"og:locale\" content=\"en_US\" \/>\n<meta property=\"og:type\" content=\"article\" \/>\n<meta property=\"og:title\" content=\"Sibelius Singing 2020 Competition is cancelled - Sibelius Singing Competition\" \/>\n<meta property=\"og:description\" content=\"Due to the COVID-19 situation (force majeure), the competition organisation has decided to cancel Sibelius Singing 2020 Competition. \u00a0 On Thursday March 12th the Finnish government stated that events with more than 500 attendants should be canceled. J\u00e4rvenp\u00e4\u00e4 Sibelius Sibelius Weeks follows the instructions given by the government and other authorities.\u00a0The competition organisation will look [&hellip;]\" \/>\n<meta property=\"og:url\" content=\"https:\/\/sibeliussinging.fi\/en\/sibelius-singing-2020-competition-is-cancelled\/\" \/>\n<meta property=\"og:site_name\" content=\"Sibelius Singing Competition\" \/>\n<meta property=\"article:publisher\" content=\"https:\/\/www.facebook.com\/sibeliussinging\/\" \/>\n<meta property=\"article:published_time\" content=\"2020-03-13T10:35:02+00:00\" \/>\n<meta property=\"article:modified_time\" content=\"2020-03-13T12:29:56+00:00\" \/>\n<meta property=\"og:image\" content=\"https:\/\/sibeliussinging.fi\/wp-content\/uploads\/2019\/03\/Sibelius-singing-banneri.jpg\" \/>\n\t<meta property=\"og:image:width\" content=\"2000\" \/>\n\t<meta property=\"og:image:height\" content=\"1600\" \/>\n\t<meta property=\"og:image:type\" content=\"image\/jpeg\" \/>\n<meta name=\"author\" content=\"TerhiL\" \/>\n<meta name=\"twitter:card\" content=\"summary_large_image\" \/>\n<meta name=\"twitter:label1\" content=\"Written by\" \/>\n\t<meta name=\"twitter:data1\" content=\"TerhiL\" \/>\n\t<meta name=\"twitter:label2\" content=\"Est. reading time\" \/>\n\t<meta name=\"twitter:data2\" content=\"1 minute\" \/>\n<script type=\"application\/ld+json\" class=\"yoast-schema-graph\">{\"@context\":\"https:\\\/\\\/schema.org\",\"@graph\":[{\"@type\":\"Article\",\"@id\":\"https:\\\/\\\/sibeliussinging.fi\\\/en\\\/sibelius-singing-2020-competition-is-cancelled\\\/#article\",\"isPartOf\":{\"@id\":\"https:\\\/\\\/sibeliussinging.fi\\\/en\\\/sibelius-singing-2020-competition-is-cancelled\\\/\"},\"author\":{\"name\":\"TerhiL\",\"@id\":\"https:\\\/\\\/sibeliussinging.fi\\\/en\\\/#\\\/schema\\\/person\\\/a1e8cd2def33add76339874ba8f681bb\"},\"headline\":\"Sibelius Singing 2020 Competition is cancelled\",\"datePublished\":\"2020-03-13T10:35:02+00:00\",\"dateModified\":\"2020-03-13T12:29:56+00:00\",\"mainEntityOfPage\":{\"@id\":\"https:\\\/\\\/sibeliussinging.fi\\\/en\\\/sibelius-singing-2020-competition-is-cancelled\\\/\"},\"wordCount\":106,\"publisher\":{\"@id\":\"https:\\\/\\\/sibeliussinging.fi\\\/en\\\/#organization\"},\"inLanguage\":\"en-US\"},{\"@type\":\"WebPage\",\"@id\":\"https:\\\/\\\/sibeliussinging.fi\\\/en\\\/sibelius-singing-2020-competition-is-cancelled\\\/\",\"url\":\"https:\\\/\\\/sibeliussinging.fi\\\/en\\\/sibelius-singing-2020-competition-is-cancelled\\\/\",\"name\":\"Sibelius Singing 2020 Competition is cancelled - Sibelius Singing Competition\",\"isPartOf\":{\"@id\":\"https:\\\/\\\/sibeliussinging.fi\\\/en\\\/#website\"},\"datePublished\":\"2020-03-13T10:35:02+00:00\",\"dateModified\":\"2020-03-13T12:29:56+00:00\",\"breadcrumb\":{\"@id\":\"https:\\\/\\\/sibeliussinging.fi\\\/en\\\/sibelius-singing-2020-competition-is-cancelled\\\/#breadcrumb\"},\"inLanguage\":\"en-US\",\"potentialAction\":[{\"@type\":\"ReadAction\",\"target\":[\"https:\\\/\\\/sibeliussinging.fi\\\/en\\\/sibelius-singing-2020-competition-is-cancelled\\\/\"]}]},{\"@type\":\"BreadcrumbList\",\"@id\":\"https:\\\/\\\/sibeliussinging.fi\\\/en\\\/sibelius-singing-2020-competition-is-cancelled\\\/#breadcrumb\",\"itemListElement\":[{\"@type\":\"ListItem\",\"position\":1,\"name\":\"Home\",\"item\":\"https:\\\/\\\/sibeliussinging.fi\\\/en\\\/\"},{\"@type\":\"ListItem\",\"position\":2,\"name\":\"Sibelius Singing 2020 Competition is cancelled\"}]},{\"@type\":\"WebSite\",\"@id\":\"https:\\\/\\\/sibeliussinging.fi\\\/en\\\/#website\",\"url\":\"https:\\\/\\\/sibeliussinging.fi\\\/en\\\/\",\"name\":\"Sibelius Singing Competition\",\"description\":\"International duo competition for singers and pianists\",\"publisher\":{\"@id\":\"https:\\\/\\\/sibeliussinging.fi\\\/en\\\/#organization\"},\"potentialAction\":[{\"@type\":\"SearchAction\",\"target\":{\"@type\":\"EntryPoint\",\"urlTemplate\":\"https:\\\/\\\/sibeliussinging.fi\\\/en\\\/?s={search_term_string}\"},\"query-input\":{\"@type\":\"PropertyValueSpecification\",\"valueRequired\":true,\"valueName\":\"search_term_string\"}}],\"inLanguage\":\"en-US\"},{\"@type\":\"Organization\",\"@id\":\"https:\\\/\\\/sibeliussinging.fi\\\/en\\\/#organization\",\"name\":\"Sibelius Singing Comptetition\",\"url\":\"https:\\\/\\\/sibeliussinging.fi\\\/en\\\/\",\"logo\":{\"@type\":\"ImageObject\",\"inLanguage\":\"en-US\",\"@id\":\"https:\\\/\\\/sibeliussinging.fi\\\/en\\\/#\\\/schema\\\/logo\\\/image\\\/\",\"url\":\"https:\\\/\\\/sibeliussinging.fi\\\/wp-content\\\/uploads\\\/2019\\\/03\\\/UUSIsibelius_logo_fb_sininen.jpg\",\"contentUrl\":\"https:\\\/\\\/sibeliussinging.fi\\\/wp-content\\\/uploads\\\/2019\\\/03\\\/UUSIsibelius_logo_fb_sininen.jpg\",\"width\":340,\"height\":340,\"caption\":\"Sibelius Singing Comptetition\"},\"image\":{\"@id\":\"https:\\\/\\\/sibeliussinging.fi\\\/en\\\/#\\\/schema\\\/logo\\\/image\\\/\"},\"sameAs\":[\"https:\\\/\\\/www.facebook.com\\\/sibeliussinging\\\/\"]},{\"@type\":\"Person\",\"@id\":\"https:\\\/\\\/sibeliussinging.fi\\\/en\\\/#\\\/schema\\\/person\\\/a1e8cd2def33add76339874ba8f681bb\",\"name\":\"TerhiL\"}]}<\/script>\n<!-- \/ Yoast SEO plugin. -->","yoast_head_json":{"title":"Sibelius Singing 2020 Competition is cancelled - Sibelius Singing Competition","robots":{"index":"index","follow":"follow","max-snippet":"max-snippet:-1","max-image-preview":"max-image-preview:large","max-video-preview":"max-video-preview:-1"},"canonical":"https:\/\/sibeliussinging.fi\/en\/sibelius-singing-2020-competition-is-cancelled\/","og_locale":"en_US","og_type":"article","og_title":"Sibelius Singing 2020 Competition is cancelled - Sibelius Singing Competition","og_description":"Due to the COVID-19 situation (force majeure), the competition organisation has decided to cancel Sibelius Singing 2020 Competition. \u00a0 On Thursday March 12th the Finnish government stated that events with more than 500 attendants should be canceled. J\u00e4rvenp\u00e4\u00e4 Sibelius Sibelius Weeks follows the instructions given by the government and other authorities.\u00a0The competition organisation will look [&hellip;]","og_url":"https:\/\/sibeliussinging.fi\/en\/sibelius-singing-2020-competition-is-cancelled\/","og_site_name":"Sibelius Singing Competition","article_publisher":"https:\/\/www.facebook.com\/sibeliussinging\/","article_published_time":"2020-03-13T10:35:02+00:00","article_modified_time":"2020-03-13T12:29:56+00:00","og_image":[{"width":2000,"height":1600,"url":"https:\/\/sibeliussinging.fi\/wp-content\/uploads\/2019\/03\/Sibelius-singing-banneri.jpg","type":"image\/jpeg"}],"author":"TerhiL","twitter_card":"summary_large_image","twitter_misc":{"Written by":"TerhiL","Est. reading time":"1 minute"},"schema":{"@context":"https:\/\/schema.org","@graph":[{"@type":"Article","@id":"https:\/\/sibeliussinging.fi\/en\/sibelius-singing-2020-competition-is-cancelled\/#article","isPartOf":{"@id":"https:\/\/sibeliussinging.fi\/en\/sibelius-singing-2020-competition-is-cancelled\/"},"author":{"name":"TerhiL","@id":"https:\/\/sibeliussinging.fi\/en\/#\/schema\/person\/a1e8cd2def33add76339874ba8f681bb"},"headline":"Sibelius Singing 2020 Competition is cancelled","datePublished":"2020-03-13T10:35:02+00:00","dateModified":"2020-03-13T12:29:56+00:00","mainEntityOfPage":{"@id":"https:\/\/sibeliussinging.fi\/en\/sibelius-singing-2020-competition-is-cancelled\/"},"wordCount":106,"publisher":{"@id":"https:\/\/sibeliussinging.fi\/en\/#organization"},"inLanguage":"en-US"},{"@type":"WebPage","@id":"https:\/\/sibeliussinging.fi\/en\/sibelius-singing-2020-competition-is-cancelled\/","url":"https:\/\/sibeliussinging.fi\/en\/sibelius-singing-2020-competition-is-cancelled\/","name":"Sibelius Singing 2020 Competition is cancelled - Sibelius Singing Competition","isPartOf":{"@id":"https:\/\/sibeliussinging.fi\/en\/#website"},"datePublished":"2020-03-13T10:35:02+00:00","dateModified":"2020-03-13T12:29:56+00:00","breadcrumb":{"@id":"https:\/\/sibeliussinging.fi\/en\/sibelius-singing-2020-competition-is-cancelled\/#breadcrumb"},"inLanguage":"en-US","potentialAction":[{"@type":"ReadAction","target":["https:\/\/sibeliussinging.fi\/en\/sibelius-singing-2020-competition-is-cancelled\/"]}]},{"@type":"BreadcrumbList","@id":"https:\/\/sibeliussinging.fi\/en\/sibelius-singing-2020-competition-is-cancelled\/#breadcrumb","itemListElement":[{"@type":"ListItem","position":1,"name":"Home","item":"https:\/\/sibeliussinging.fi\/en\/"},{"@type":"ListItem","position":2,"name":"Sibelius Singing 2020 Competition is cancelled"}]},{"@type":"WebSite","@id":"https:\/\/sibeliussinging.fi\/en\/#website","url":"https:\/\/sibeliussinging.fi\/en\/","name":"Sibelius Singing Competition","description":"International duo competition for singers and pianists","publisher":{"@id":"https:\/\/sibeliussinging.fi\/en\/#organization"},"potentialAction":[{"@type":"SearchAction","target":{"@type":"EntryPoint","urlTemplate":"https:\/\/sibeliussinging.fi\/en\/?s={search_term_string}"},"query-input":{"@type":"PropertyValueSpecification","valueRequired":true,"valueName":"search_term_string"}}],"inLanguage":"en-US"},{"@type":"Organization","@id":"https:\/\/sibeliussinging.fi\/en\/#organization","name":"Sibelius Singing Comptetition","url":"https:\/\/sibeliussinging.fi\/en\/","logo":{"@type":"ImageObject","inLanguage":"en-US","@id":"https:\/\/sibeliussinging.fi\/en\/#\/schema\/logo\/image\/","url":"https:\/\/sibeliussinging.fi\/wp-content\/uploads\/2019\/03\/UUSIsibelius_logo_fb_sininen.jpg","contentUrl":"https:\/\/sibeliussinging.fi\/wp-content\/uploads\/2019\/03\/UUSIsibelius_logo_fb_sininen.jpg","width":340,"height":340,"caption":"Sibelius Singing Comptetition"},"image":{"@id":"https:\/\/sibeliussinging.fi\/en\/#\/schema\/logo\/image\/"},"sameAs":["https:\/\/www.facebook.com\/sibeliussinging\/"]},{"@type":"Person","@id":"https:\/\/sibeliussinging.fi\/en\/#\/schema\/person\/a1e8cd2def33add76339874ba8f681bb","name":"TerhiL"}]}},"_links":{"self":[{"href":"https:\/\/sibeliussinging.fi\/en\/wp-json\/wp\/v2\/posts\/1475","targetHints":{"allow":["GET"]}}],"collection":[{"href":"https:\/\/sibeliussinging.fi\/en\/wp-json\/wp\/v2\/posts"}],"about":[{"href":"https:\/\/sibeliussinging.fi\/en\/wp-json\/wp\/v2\/types\/post"}],"author":[{"embeddable":true,"href":"https:\/\/sibeliussinging.fi\/en\/wp-json\/wp\/v2\/users\/16"}],"replies":[{"embeddable":true,"href":"https:\/\/sibeliussinging.fi\/en\/wp-json\/wp\/v2\/comments?post=1475"}],"version-history":[{"count":5,"href":"https:\/\/sibeliussinging.fi\/en\/wp-json\/wp\/v2\/posts\/1475\/revisions"}],"predecessor-version":[{"id":1480,"href":"https:\/\/sibeliussinging.fi\/en\/wp-json\/wp\/v2\/posts\/1475\/revisions\/1480"}],"wp:attachment":[{"href":"https:\/\/sibeliussinging.fi\/en\/wp-json\/wp\/v2\/media?parent=1475"}],"wp:term":[{"taxonomy":"category","embeddable":true,"href":"https:\/\/sibeliussinging.fi\/en\/wp-json\/wp\/v2\/categories?post=1475"},{"taxonomy":"post_tag","embeddable":true,"href":"https:\/\/sibeliussinging.fi\/en\/wp-json\/wp\/v2\/tags?post=1475"}],"curies":[{"name":"wp","href":"https:\/\/api.w.org\/{rel}","templated":true}]}}